{"id":1839,"date":"2020-11-10T14:37:35","date_gmt":"2020-11-10T13:37:35","guid":{"rendered":"https:\/\/costablancaradio.nl\/?p=1839"},"modified":"2020-11-10T14:37:35","modified_gmt":"2020-11-10T13:37:35","slug":"spanish-prime-minister-in-valencia-to-launch-a-recovery-plan-against-covid-19-securities","status":"publish","type":"post","link":"https:\/\/costablancaradio.nl\/en\/spanish-prime-minister-in-valencia-to-launch-a-recovery-plan-against-covid-19-securities\/","title":{"rendered":"Spanish Prime Minister in Valencia to launch a recovery plan against Covid-19 securities"},"content":{"rendered":"<p>The Spanish Prime Minister chose Valencia to launch his &#8216;Recovery, Transition and Resilience Plan&#8217; and as the starting point for his tour of the autonomous regions. With the plan, the government wants to get Spain out of the recession caused by the corona virus. The launch event was held in the City of Arts and Sciences in the presence of Regional President Ximo Puig, representatives from industry, various institutions and professional associations. The European national anthem, Beethoven&#8217;s Ode to Joy, kicked off it. There could indeed be joy at the EUR 21 billion in aid the country hopes to receive.<\/p>\n<p>Puig thanked S\u00e1nchez for choosing Valencia to launch his plan and spoke of the potential 190,000 jobs that the funding could create in the region over the next six years. Puig also called on other regions to take their &#8220;responsibilities&#8221; against the second wave of the health pandemic.<\/p>\n<p>S\u00e1nchez began his presentation with a nod to Valencian cameraman Lu\u00eds Garc\u00eda Berlanga, whose 1953 satirical film Bienvenido Mister Marshall told the story of how a village prepared to welcome some visiting American diplomats, hoping for some US funding. As it turned out, the convoy didn&#8217;t stop and they didn&#8217;t get the money they hoped for.<\/p>\n<p>The Spanish Prime Minister took the opportunity to comment on the current state of affairs of the corona virus in the country. He indicated that a rapid mass vaccination campaign against corona is not expected earlier than six months. This would then coincide with the end of the State of Alert announced on October 25. The new vaccines could be ready by then (May) along with the change of season and that will help us gradually return to a &#8216;new normal,&#8217; S\u00e1nchez said at the ceremony.<\/p>\n<p>Editors: <a href=\"http:\/\/www.inspanje.nl\" rel=\"noopener noreferrer\" target=\"_blank\"> InSpain.nl <\/a><\/p>\n","protected":false},"excerpt":{"rendered":"<p>The Spanish Prime Minister chose Valencia to launch his &#8216;Recovery, Transition and Resilience Plan&#8217; and as the starting point for his tour of the autonomous regions. With the plan, the government wants to get Spain out of the recession caused by the corona virus. The launch event was held in the City of Arts and [&hellip;]<\/p>\n","protected":false},"author":3,"featured_media":1770,"comment_status":"closed","ping_status":"closed","sticky":false,"template":"","format":"standard","meta":{"inline_featured_image":false,"footnotes":""},"categories":[14],"tags":[],"class_list":["post-1839","post","type-post","status-publish","format-standard","has-post-thumbnail","hentry","category-news"],"yoast_head":"<!-- This site is optimized with the Yoast SEO plugin v27.4 - https:\/\/yoast.com\/product\/yoast-seo-wordpress\/ -->\n<title>Spanish Prime Minister in Valencia to launch a recovery plan against Covid-19 securities - Costa Blanca Radio<\/title>\n<meta name=\"robots\" content=\"noindex, follow\" \/>\n<meta property=\"og:locale\" content=\"en_US\" \/>\n<meta property=\"og:type\" content=\"article\" \/>\n<meta property=\"og:title\" content=\"Spanish Prime Minister in Valencia to launch a recovery plan against Covid-19 securities - Costa Blanca Radio\" \/>\n<meta property=\"og:description\" content=\"The Spanish Prime Minister chose Valencia to launch his &#8216;Recovery, Transition and Resilience Plan&#8217; and as the starting point for his tour of the autonomous regions. With the plan, the government wants to get Spain out of the recession caused by the corona virus. The launch event was held in the City of Arts and [&hellip;]\" \/>\n<meta property=\"og:url\" content=\"https:\/\/costablancaradio.nl\/en\/spanish-prime-minister-in-valencia-to-launch-a-recovery-plan-against-covid-19-securities\/\" \/>\n<meta property=\"og:site_name\" content=\"Costa Blanca Radio\" \/>\n<meta property=\"article:publisher\" content=\"https:\/\/nl-nl.facebook.com\/CBR.Costablancaradio\/\" \/>\n<meta property=\"article:author\" content=\"https:\/\/www.facebook.com\/CBR.Costablancaradio\/\" \/>\n<meta property=\"article:published_time\" content=\"2020-11-10T13:37:35+00:00\" \/>\n<meta property=\"og:image\" content=\"https:\/\/costablancaradio.nl\/wp-content\/uploads\/2020\/04\/Coronavirus-region-Valencia-Costa-Blanca-Spain-Spanje.jpg\" \/>\n\t<meta property=\"og:image:width\" content=\"760\" \/>\n\t<meta property=\"og:image:height\" content=\"380\" \/>\n\t<meta property=\"og:image:type\" content=\"image\/jpeg\" \/>\n<meta name=\"author\" content=\"Costa Blanca Radio\" \/>\n<meta name=\"twitter:card\" content=\"summary_large_image\" \/>\n<meta name=\"twitter:creator\" content=\"@costa_radio\" \/>\n<meta name=\"twitter:label1\" content=\"Written by\" \/>\n\t<meta name=\"twitter:data1\" content=\"Costa Blanca Radio\" \/>\n\t<meta name=\"twitter:label2\" content=\"Est. reading time\" \/>\n\t<meta name=\"twitter:data2\" content=\"1 minute\" \/>\n<script type=\"application\/ld+json\" class=\"yoast-schema-graph\">{\"@context\":\"https:\\\/\\\/schema.org\",\"@graph\":[{\"@type\":\"Article\",\"@id\":\"https:\\\/\\\/costablancaradio.nl\\\/en\\\/spanish-prime-minister-in-valencia-to-launch-a-recovery-plan-against-covid-19-securities\\\/#article\",\"isPartOf\":{\"@id\":\"https:\\\/\\\/costablancaradio.nl\\\/en\\\/spanish-prime-minister-in-valencia-to-launch-a-recovery-plan-against-covid-19-securities\\\/\"},\"author\":{\"name\":\"Costa Blanca Radio\",\"@id\":\"https:\\\/\\\/costablancaradio.nl\\\/#\\\/schema\\\/person\\\/9e7a5c98b80d071bb4de9087577ac7e5\"},\"headline\":\"Spanish Prime Minister in Valencia to launch a recovery plan against Covid-19 securities\",\"datePublished\":\"2020-11-10T13:37:35+00:00\",\"mainEntityOfPage\":{\"@id\":\"https:\\\/\\\/costablancaradio.nl\\\/en\\\/spanish-prime-minister-in-valencia-to-launch-a-recovery-plan-against-covid-19-securities\\\/\"},\"wordCount\":308,\"publisher\":{\"@id\":\"https:\\\/\\\/costablancaradio.nl\\\/#organization\"},\"image\":{\"@id\":\"https:\\\/\\\/costablancaradio.nl\\\/en\\\/spanish-prime-minister-in-valencia-to-launch-a-recovery-plan-against-covid-19-securities\\\/#primaryimage\"},\"thumbnailUrl\":\"https:\\\/\\\/costablancaradio.nl\\\/wp-content\\\/uploads\\\/2020\\\/04\\\/Coronavirus-region-Valencia-Costa-Blanca-Spain-Spanje.jpg\",\"articleSection\":[\"News\"],\"inLanguage\":\"en-US\"},{\"@type\":\"WebPage\",\"@id\":\"https:\\\/\\\/costablancaradio.nl\\\/en\\\/spanish-prime-minister-in-valencia-to-launch-a-recovery-plan-against-covid-19-securities\\\/\",\"url\":\"https:\\\/\\\/costablancaradio.nl\\\/en\\\/spanish-prime-minister-in-valencia-to-launch-a-recovery-plan-against-covid-19-securities\\\/\",\"name\":\"Spanish Prime Minister in Valencia to launch a recovery plan against Covid-19 securities - Costa Blanca Radio\",\"isPartOf\":{\"@id\":\"https:\\\/\\\/costablancaradio.nl\\\/#website\"},\"primaryImageOfPage\":{\"@id\":\"https:\\\/\\\/costablancaradio.nl\\\/en\\\/spanish-prime-minister-in-valencia-to-launch-a-recovery-plan-against-covid-19-securities\\\/#primaryimage\"},\"image\":{\"@id\":\"https:\\\/\\\/costablancaradio.nl\\\/en\\\/spanish-prime-minister-in-valencia-to-launch-a-recovery-plan-against-covid-19-securities\\\/#primaryimage\"},\"thumbnailUrl\":\"https:\\\/\\\/costablancaradio.nl\\\/wp-content\\\/uploads\\\/2020\\\/04\\\/Coronavirus-region-Valencia-Costa-Blanca-Spain-Spanje.jpg\",\"datePublished\":\"2020-11-10T13:37:35+00:00\",\"breadcrumb\":{\"@id\":\"https:\\\/\\\/costablancaradio.nl\\\/en\\\/spanish-prime-minister-in-valencia-to-launch-a-recovery-plan-against-covid-19-securities\\\/#breadcrumb\"},\"inLanguage\":\"en-US\",\"potentialAction\":[{\"@type\":\"ReadAction\",\"target\":[\"https:\\\/\\\/costablancaradio.nl\\\/en\\\/spanish-prime-minister-in-valencia-to-launch-a-recovery-plan-against-covid-19-securities\\\/\"]}]},{\"@type\":\"ImageObject\",\"inLanguage\":\"en-US\",\"@id\":\"https:\\\/\\\/costablancaradio.nl\\\/en\\\/spanish-prime-minister-in-valencia-to-launch-a-recovery-plan-against-covid-19-securities\\\/#primaryimage\",\"url\":\"https:\\\/\\\/costablancaradio.nl\\\/wp-content\\\/uploads\\\/2020\\\/04\\\/Coronavirus-region-Valencia-Costa-Blanca-Spain-Spanje.jpg\",\"contentUrl\":\"https:\\\/\\\/costablancaradio.nl\\\/wp-content\\\/uploads\\\/2020\\\/04\\\/Coronavirus-region-Valencia-Costa-Blanca-Spain-Spanje.jpg\",\"width\":760,\"height\":380},{\"@type\":\"BreadcrumbList\",\"@id\":\"https:\\\/\\\/costablancaradio.nl\\\/en\\\/spanish-prime-minister-in-valencia-to-launch-a-recovery-plan-against-covid-19-securities\\\/#breadcrumb\",\"itemListElement\":[{\"@type\":\"ListItem\",\"position\":1,\"name\":\"Home\",\"item\":\"https:\\\/\\\/costablancaradio.nl\\\/en\\\/\"},{\"@type\":\"ListItem\",\"position\":2,\"name\":\"Spanish Prime Minister in Valencia to launch a recovery plan against Covid-19 securities\"}]},{\"@type\":\"WebSite\",\"@id\":\"https:\\\/\\\/costablancaradio.nl\\\/#website\",\"url\":\"https:\\\/\\\/costablancaradio.nl\\\/\",\"name\":\"Costa Blanca Radio\",\"description\":\"Het beste van de Nederlandse radiozender met een Spaans accent\",\"publisher\":{\"@id\":\"https:\\\/\\\/costablancaradio.nl\\\/#organization\"},\"potentialAction\":[{\"@type\":\"SearchAction\",\"target\":{\"@type\":\"EntryPoint\",\"urlTemplate\":\"https:\\\/\\\/costablancaradio.nl\\\/?s={search_term_string}\"},\"query-input\":{\"@type\":\"PropertyValueSpecification\",\"valueRequired\":true,\"valueName\":\"search_term_string\"}}],\"inLanguage\":\"en-US\"},{\"@type\":\"Organization\",\"@id\":\"https:\\\/\\\/costablancaradio.nl\\\/#organization\",\"name\":\"CostaBlancaRadio\",\"url\":\"https:\\\/\\\/costablancaradio.nl\\\/\",\"logo\":{\"@type\":\"ImageObject\",\"inLanguage\":\"en-US\",\"@id\":\"https:\\\/\\\/costablancaradio.nl\\\/#\\\/schema\\\/logo\\\/image\\\/\",\"url\":\"https:\\\/\\\/costablancaradio.nl\\\/wp-content\\\/uploads\\\/2017\\\/02\\\/CBRadio_Logo2017_200x145.png\",\"contentUrl\":\"https:\\\/\\\/costablancaradio.nl\\\/wp-content\\\/uploads\\\/2017\\\/02\\\/CBRadio_Logo2017_200x145.png\",\"width\":200,\"height\":145,\"caption\":\"CostaBlancaRadio\"},\"image\":{\"@id\":\"https:\\\/\\\/costablancaradio.nl\\\/#\\\/schema\\\/logo\\\/image\\\/\"},\"sameAs\":[\"https:\\\/\\\/nl-nl.facebook.com\\\/CBR.Costablancaradio\\\/\"]},{\"@type\":\"Person\",\"@id\":\"https:\\\/\\\/costablancaradio.nl\\\/#\\\/schema\\\/person\\\/9e7a5c98b80d071bb4de9087577ac7e5\",\"name\":\"Costa Blanca Radio\",\"image\":{\"@type\":\"ImageObject\",\"inLanguage\":\"en-US\",\"@id\":\"https:\\\/\\\/secure.gravatar.com\\\/avatar\\\/3637c377f2508ea10bf76f03cbb4994389c7a1c16fca613eb54494068f3a7eeb?s=96&d=mm&r=g\",\"url\":\"https:\\\/\\\/secure.gravatar.com\\\/avatar\\\/3637c377f2508ea10bf76f03cbb4994389c7a1c16fca613eb54494068f3a7eeb?s=96&d=mm&r=g\",\"contentUrl\":\"https:\\\/\\\/secure.gravatar.com\\\/avatar\\\/3637c377f2508ea10bf76f03cbb4994389c7a1c16fca613eb54494068f3a7eeb?s=96&d=mm&r=g\",\"caption\":\"Costa Blanca Radio\"},\"sameAs\":[\"https:\\\/\\\/www.facebook.com\\\/CBR.Costablancaradio\\\/\",\"https:\\\/\\\/www.instagram.com\\\/costablancaradio\\\/\",\"https:\\\/\\\/x.com\\\/costa_radio\",\"https:\\\/\\\/soundcloud.com\\\/costablancaradio\"]}]}<\/script>\n<!-- \/ Yoast SEO plugin. -->","yoast_head_json":{"title":"Spanish Prime Minister in Valencia to launch a recovery plan against Covid-19 securities - Costa Blanca Radio","robots":{"index":"noindex","follow":"follow"},"og_locale":"en_US","og_type":"article","og_title":"Spanish Prime Minister in Valencia to launch a recovery plan against Covid-19 securities - Costa Blanca Radio","og_description":"The Spanish Prime Minister chose Valencia to launch his &#8216;Recovery, Transition and Resilience Plan&#8217; and as the starting point for his tour of the autonomous regions. With the plan, the government wants to get Spain out of the recession caused by the corona virus. The launch event was held in the City of Arts and [&hellip;]","og_url":"https:\/\/costablancaradio.nl\/en\/spanish-prime-minister-in-valencia-to-launch-a-recovery-plan-against-covid-19-securities\/","og_site_name":"Costa Blanca Radio","article_publisher":"https:\/\/nl-nl.facebook.com\/CBR.Costablancaradio\/","article_author":"https:\/\/www.facebook.com\/CBR.Costablancaradio\/","article_published_time":"2020-11-10T13:37:35+00:00","og_image":[{"width":760,"height":380,"url":"https:\/\/costablancaradio.nl\/wp-content\/uploads\/2020\/04\/Coronavirus-region-Valencia-Costa-Blanca-Spain-Spanje.jpg","type":"image\/jpeg"}],"author":"Costa Blanca Radio","twitter_card":"summary_large_image","twitter_creator":"@costa_radio","twitter_misc":{"Written by":"Costa Blanca Radio","Est. reading time":"1 minute"},"schema":{"@context":"https:\/\/schema.org","@graph":[{"@type":"Article","@id":"https:\/\/costablancaradio.nl\/en\/spanish-prime-minister-in-valencia-to-launch-a-recovery-plan-against-covid-19-securities\/#article","isPartOf":{"@id":"https:\/\/costablancaradio.nl\/en\/spanish-prime-minister-in-valencia-to-launch-a-recovery-plan-against-covid-19-securities\/"},"author":{"name":"Costa Blanca Radio","@id":"https:\/\/costablancaradio.nl\/#\/schema\/person\/9e7a5c98b80d071bb4de9087577ac7e5"},"headline":"Spanish Prime Minister in Valencia to launch a recovery plan against Covid-19 securities","datePublished":"2020-11-10T13:37:35+00:00","mainEntityOfPage":{"@id":"https:\/\/costablancaradio.nl\/en\/spanish-prime-minister-in-valencia-to-launch-a-recovery-plan-against-covid-19-securities\/"},"wordCount":308,"publisher":{"@id":"https:\/\/costablancaradio.nl\/#organization"},"image":{"@id":"https:\/\/costablancaradio.nl\/en\/spanish-prime-minister-in-valencia-to-launch-a-recovery-plan-against-covid-19-securities\/#primaryimage"},"thumbnailUrl":"https:\/\/costablancaradio.nl\/wp-content\/uploads\/2020\/04\/Coronavirus-region-Valencia-Costa-Blanca-Spain-Spanje.jpg","articleSection":["News"],"inLanguage":"en-US"},{"@type":"WebPage","@id":"https:\/\/costablancaradio.nl\/en\/spanish-prime-minister-in-valencia-to-launch-a-recovery-plan-against-covid-19-securities\/","url":"https:\/\/costablancaradio.nl\/en\/spanish-prime-minister-in-valencia-to-launch-a-recovery-plan-against-covid-19-securities\/","name":"Spanish Prime Minister in Valencia to launch a recovery plan against Covid-19 securities - Costa Blanca Radio","isPartOf":{"@id":"https:\/\/costablancaradio.nl\/#website"},"primaryImageOfPage":{"@id":"https:\/\/costablancaradio.nl\/en\/spanish-prime-minister-in-valencia-to-launch-a-recovery-plan-against-covid-19-securities\/#primaryimage"},"image":{"@id":"https:\/\/costablancaradio.nl\/en\/spanish-prime-minister-in-valencia-to-launch-a-recovery-plan-against-covid-19-securities\/#primaryimage"},"thumbnailUrl":"https:\/\/costablancaradio.nl\/wp-content\/uploads\/2020\/04\/Coronavirus-region-Valencia-Costa-Blanca-Spain-Spanje.jpg","datePublished":"2020-11-10T13:37:35+00:00","breadcrumb":{"@id":"https:\/\/costablancaradio.nl\/en\/spanish-prime-minister-in-valencia-to-launch-a-recovery-plan-against-covid-19-securities\/#breadcrumb"},"inLanguage":"en-US","potentialAction":[{"@type":"ReadAction","target":["https:\/\/costablancaradio.nl\/en\/spanish-prime-minister-in-valencia-to-launch-a-recovery-plan-against-covid-19-securities\/"]}]},{"@type":"ImageObject","inLanguage":"en-US","@id":"https:\/\/costablancaradio.nl\/en\/spanish-prime-minister-in-valencia-to-launch-a-recovery-plan-against-covid-19-securities\/#primaryimage","url":"https:\/\/costablancaradio.nl\/wp-content\/uploads\/2020\/04\/Coronavirus-region-Valencia-Costa-Blanca-Spain-Spanje.jpg","contentUrl":"https:\/\/costablancaradio.nl\/wp-content\/uploads\/2020\/04\/Coronavirus-region-Valencia-Costa-Blanca-Spain-Spanje.jpg","width":760,"height":380},{"@type":"BreadcrumbList","@id":"https:\/\/costablancaradio.nl\/en\/spanish-prime-minister-in-valencia-to-launch-a-recovery-plan-against-covid-19-securities\/#breadcrumb","itemListElement":[{"@type":"ListItem","position":1,"name":"Home","item":"https:\/\/costablancaradio.nl\/en\/"},{"@type":"ListItem","position":2,"name":"Spanish Prime Minister in Valencia to launch a recovery plan against Covid-19 securities"}]},{"@type":"WebSite","@id":"https:\/\/costablancaradio.nl\/#website","url":"https:\/\/costablancaradio.nl\/","name":"Costa Blanca Radio","description":"Het beste van de Nederlandse radiozender met een Spaans accent","publisher":{"@id":"https:\/\/costablancaradio.nl\/#organization"},"potentialAction":[{"@type":"SearchAction","target":{"@type":"EntryPoint","urlTemplate":"https:\/\/costablancaradio.nl\/?s={search_term_string}"},"query-input":{"@type":"PropertyValueSpecification","valueRequired":true,"valueName":"search_term_string"}}],"inLanguage":"en-US"},{"@type":"Organization","@id":"https:\/\/costablancaradio.nl\/#organization","name":"CostaBlancaRadio","url":"https:\/\/costablancaradio.nl\/","logo":{"@type":"ImageObject","inLanguage":"en-US","@id":"https:\/\/costablancaradio.nl\/#\/schema\/logo\/image\/","url":"https:\/\/costablancaradio.nl\/wp-content\/uploads\/2017\/02\/CBRadio_Logo2017_200x145.png","contentUrl":"https:\/\/costablancaradio.nl\/wp-content\/uploads\/2017\/02\/CBRadio_Logo2017_200x145.png","width":200,"height":145,"caption":"CostaBlancaRadio"},"image":{"@id":"https:\/\/costablancaradio.nl\/#\/schema\/logo\/image\/"},"sameAs":["https:\/\/nl-nl.facebook.com\/CBR.Costablancaradio\/"]},{"@type":"Person","@id":"https:\/\/costablancaradio.nl\/#\/schema\/person\/9e7a5c98b80d071bb4de9087577ac7e5","name":"Costa Blanca Radio","image":{"@type":"ImageObject","inLanguage":"en-US","@id":"https:\/\/secure.gravatar.com\/avatar\/3637c377f2508ea10bf76f03cbb4994389c7a1c16fca613eb54494068f3a7eeb?s=96&d=mm&r=g","url":"https:\/\/secure.gravatar.com\/avatar\/3637c377f2508ea10bf76f03cbb4994389c7a1c16fca613eb54494068f3a7eeb?s=96&d=mm&r=g","contentUrl":"https:\/\/secure.gravatar.com\/avatar\/3637c377f2508ea10bf76f03cbb4994389c7a1c16fca613eb54494068f3a7eeb?s=96&d=mm&r=g","caption":"Costa Blanca Radio"},"sameAs":["https:\/\/www.facebook.com\/CBR.Costablancaradio\/","https:\/\/www.instagram.com\/costablancaradio\/","https:\/\/x.com\/costa_radio","https:\/\/soundcloud.com\/costablancaradio"]}]}},"_links":{"self":[{"href":"https:\/\/costablancaradio.nl\/en\/wp-json\/wp\/v2\/posts\/1839","targetHints":{"allow":["GET"]}}],"collection":[{"href":"https:\/\/costablancaradio.nl\/en\/wp-json\/wp\/v2\/posts"}],"about":[{"href":"https:\/\/costablancaradio.nl\/en\/wp-json\/wp\/v2\/types\/post"}],"author":[{"embeddable":true,"href":"https:\/\/costablancaradio.nl\/en\/wp-json\/wp\/v2\/users\/3"}],"replies":[{"embeddable":true,"href":"https:\/\/costablancaradio.nl\/en\/wp-json\/wp\/v2\/comments?post=1839"}],"version-history":[{"count":1,"href":"https:\/\/costablancaradio.nl\/en\/wp-json\/wp\/v2\/posts\/1839\/revisions"}],"predecessor-version":[{"id":1840,"href":"https:\/\/costablancaradio.nl\/en\/wp-json\/wp\/v2\/posts\/1839\/revisions\/1840"}],"wp:featuredmedia":[{"embeddable":true,"href":"https:\/\/costablancaradio.nl\/en\/wp-json\/wp\/v2\/media\/1770"}],"wp:attachment":[{"href":"https:\/\/costablancaradio.nl\/en\/wp-json\/wp\/v2\/media?parent=1839"}],"wp:term":[{"taxonomy":"category","embeddable":true,"href":"https:\/\/costablancaradio.nl\/en\/wp-json\/wp\/v2\/categories?post=1839"},{"taxonomy":"post_tag","embeddable":true,"href":"https:\/\/costablancaradio.nl\/en\/wp-json\/wp\/v2\/tags?post=1839"}],"curies":[{"name":"wp","href":"https:\/\/api.w.org\/{rel}","templated":true}]}}