{"id":2585,"date":"2022-12-02T12:08:07","date_gmt":"2022-12-02T11:08:07","guid":{"rendered":"https:\/\/costablancaradio.nl\/costa-blanca-regional-news-29-11-2022\/"},"modified":"2022-12-02T12:08:07","modified_gmt":"2022-12-02T11:08:07","slug":"costa-blanca-regional-news-29-11-2022","status":"publish","type":"post","link":"https:\/\/costablancaradio.nl\/en\/costa-blanca-regional-news-29-11-2022\/","title":{"rendered":"Costa Blanca Regional news 29-11-2022"},"content":{"rendered":"<p><strong>Every Monday to Friday you can hear the regional news (in Dutch) in the Morningshow, between 7 and 9. This is today&#8217;s news:<\/strong><\/p>\n<p>Football prodigy Xavi Simons, who is currently in Qatar as part of the Dutch World Cup squad, grew up in Rojales. And the city council thought they should do something about it. That is why the municipal football field is now named after Simons. The full council meeting approved a motion to officially name it the \u201cCampo Municipal de F\u00fatbol Xavi Simons.\u201d<\/p>\n<p>\u2014-<\/p>\n<p>The regional government&#8217;s climate change law has finally received the green light from the Parliament of Valencia. This happened during the last scheduled session of the year. The legislation is a &#8220;commitment of the Valencian society to its future generations&#8221;, said Isaura Navarro, regional councilor for the ecological transition. \u201cWe have done our duty to meet the urgent need to decarbonise the Valencian economy and adapt to the challenges of climate change,\u201d she declared.<\/p>\n<p>\u2014-<\/p>\n<p>Mayor Toni P\u00e9rez of Benidorm is not happy with the choice of the regional parliament in Valencia. That has approved the so-called &#8216;tourist tax&#8217;. The tasa tur\u00edstica will come into force in a year. However, it is up to the town halls to decide whether to apply the levy to overnight stays in tourist accommodations in their municipality. Many municipalities with different political convictions say they will not do this. P\u00e9rez has also criticized the tax several times before. The mayor of Benidorm has already announced that his council will not introduce this tax.<\/p>\n<p><strong>Share this with your friends, like &amp; share<\/strong><\/p>\n","protected":false},"excerpt":{"rendered":"<p>Every Monday to Friday you can hear the regional news (in Dutch) in the Morningshow, between 7 and 9. This is today&#8217;s news: Football prodigy Xavi Simons, who is currently in Qatar as part of the Dutch World Cup squad, grew up in Rojales. And the city council thought they should do something about it. [&hellip;]<\/p>\n","protected":false},"author":3,"featured_media":2461,"comment_status":"closed","ping_status":"closed","sticky":false,"template":"","format":"standard","meta":{"inline_featured_image":false,"footnotes":""},"categories":[14],"tags":[1126,1114,1127,1128,1117,1116,1120,1125,1119,1118,1131,1135,1122,1129,1132,1124,1134,1130,1133,1115,1123,1121],"class_list":["post-2585","post","type-post","status-publish","format-standard","has-post-thumbnail","hentry","category-news","tag-artificial-grass-surface","tag-benidorm-en-2","tag-campo-municipal-de-futbol-xavi-simons-en","tag-climate-change","tag-costa-blanca-en-2","tag-costa-blanca-radio-en-2","tag-dutch","tag-football-field","tag-law","tag-mayor","tag-mayor-benidorm","tag-perez-en","tag-qatar-en","tag-regional-government","tag-regional-parliament","tag-rojales-en","tag-tasa-turistica-en","tag-toni-perez-en","tag-tourist-tax","tag-valencia-en-2","tag-world-cup-squad","tag-xavi-simons-en"],"yoast_head":"<!-- This site is optimized with the Yoast SEO plugin v27.4 - https:\/\/yoast.com\/product\/yoast-seo-wordpress\/ -->\n<title>Costa Blanca Regional news 29-11-2022 - Costa Blanca Radio<\/title>\n<meta name=\"robots\" content=\"noindex, follow\" \/>\n<meta property=\"og:locale\" content=\"en_US\" \/>\n<meta property=\"og:type\" content=\"article\" \/>\n<meta property=\"og:title\" content=\"Costa Blanca Regional news 29-11-2022 - Costa Blanca Radio\" \/>\n<meta property=\"og:description\" content=\"Every Monday to Friday you can hear the regional news (in Dutch) in the Morningshow, between 7 and 9. This is today&#8217;s news: Football prodigy Xavi Simons, who is currently in Qatar as part of the Dutch World Cup squad, grew up in Rojales. And the city council thought they should do something about it. [&hellip;]\" \/>\n<meta property=\"og:url\" content=\"https:\/\/costablancaradio.nl\/costa-blanca-regional-news-29-11-2022\/\" \/>\n<meta property=\"og:site_name\" content=\"Costa Blanca Radio\" \/>\n<meta property=\"article:publisher\" content=\"https:\/\/nl-nl.facebook.com\/CBR.Costablancaradio\/\" \/>\n<meta property=\"article:author\" content=\"https:\/\/www.facebook.com\/CBR.Costablancaradio\/\" \/>\n<meta property=\"article:published_time\" content=\"2022-12-02T11:08:07+00:00\" \/>\n<meta name=\"author\" content=\"Costa Blanca Radio\" \/>\n<meta name=\"twitter:card\" content=\"summary_large_image\" \/>\n<meta name=\"twitter:creator\" content=\"@costa_radio\" \/>\n<meta name=\"twitter:label1\" content=\"Written by\" \/>\n\t<meta name=\"twitter:data1\" content=\"Costa Blanca Radio\" \/>\n\t<meta name=\"twitter:label2\" content=\"Est. reading time\" \/>\n\t<meta name=\"twitter:data2\" content=\"1 minute\" \/>\n<script type=\"application\/ld+json\" class=\"yoast-schema-graph\">{\"@context\":\"https:\\\/\\\/schema.org\",\"@graph\":[{\"@type\":\"Article\",\"@id\":\"https:\\\/\\\/costablancaradio.nl\\\/costa-blanca-regional-news-29-11-2022\\\/#article\",\"isPartOf\":{\"@id\":\"https:\\\/\\\/costablancaradio.nl\\\/costa-blanca-regional-news-29-11-2022\\\/\"},\"author\":{\"name\":\"Costa Blanca Radio\",\"@id\":\"https:\\\/\\\/costablancaradio.nl\\\/#\\\/schema\\\/person\\\/9e7a5c98b80d071bb4de9087577ac7e5\"},\"headline\":\"Costa Blanca Regional news 29-11-2022\",\"datePublished\":\"2022-12-02T11:08:07+00:00\",\"mainEntityOfPage\":{\"@id\":\"https:\\\/\\\/costablancaradio.nl\\\/costa-blanca-regional-news-29-11-2022\\\/\"},\"wordCount\":271,\"publisher\":{\"@id\":\"https:\\\/\\\/costablancaradio.nl\\\/#organization\"},\"image\":{\"@id\":\"https:\\\/\\\/costablancaradio.nl\\\/costa-blanca-regional-news-29-11-2022\\\/#primaryimage\"},\"thumbnailUrl\":\"https:\\\/\\\/costablancaradio.nl\\\/wp-content\\\/uploads\\\/2021\\\/05\\\/logo-cb-news-v2.png\",\"keywords\":[\"artificial grass surface\",\"benidorm\",\"Campo Municipal de F\u00fatbol Xavi Simons\",\"climate change\",\"costa blanca\",\"costa blanca radio\",\"Dutch\",\"football field\",\"law\",\"mayor\",\"mayor Benidorm\",\"P\u00e9rez\",\"Qatar\",\"regional government\",\"regional parliament\",\"Rojales\",\"tasa tur\u00edstica\",\"Toni P\u00e9rez\",\"tourist tax\",\"Valencia\",\"World Cup squad\",\"Xavi Simons\"],\"articleSection\":[\"News\"],\"inLanguage\":\"en-US\"},{\"@type\":\"WebPage\",\"@id\":\"https:\\\/\\\/costablancaradio.nl\\\/costa-blanca-regional-news-29-11-2022\\\/\",\"url\":\"https:\\\/\\\/costablancaradio.nl\\\/costa-blanca-regional-news-29-11-2022\\\/\",\"name\":\"Costa Blanca Regional news 29-11-2022 - Costa Blanca Radio\",\"isPartOf\":{\"@id\":\"https:\\\/\\\/costablancaradio.nl\\\/#website\"},\"primaryImageOfPage\":{\"@id\":\"https:\\\/\\\/costablancaradio.nl\\\/costa-blanca-regional-news-29-11-2022\\\/#primaryimage\"},\"image\":{\"@id\":\"https:\\\/\\\/costablancaradio.nl\\\/costa-blanca-regional-news-29-11-2022\\\/#primaryimage\"},\"thumbnailUrl\":\"https:\\\/\\\/costablancaradio.nl\\\/wp-content\\\/uploads\\\/2021\\\/05\\\/logo-cb-news-v2.png\",\"datePublished\":\"2022-12-02T11:08:07+00:00\",\"breadcrumb\":{\"@id\":\"https:\\\/\\\/costablancaradio.nl\\\/costa-blanca-regional-news-29-11-2022\\\/#breadcrumb\"},\"inLanguage\":\"en-US\",\"potentialAction\":[{\"@type\":\"ReadAction\",\"target\":[\"https:\\\/\\\/costablancaradio.nl\\\/costa-blanca-regional-news-29-11-2022\\\/\"]}]},{\"@type\":\"ImageObject\",\"inLanguage\":\"en-US\",\"@id\":\"https:\\\/\\\/costablancaradio.nl\\\/costa-blanca-regional-news-29-11-2022\\\/#primaryimage\",\"url\":\"https:\\\/\\\/costablancaradio.nl\\\/wp-content\\\/uploads\\\/2021\\\/05\\\/logo-cb-news-v2.png\",\"contentUrl\":\"https:\\\/\\\/costablancaradio.nl\\\/wp-content\\\/uploads\\\/2021\\\/05\\\/logo-cb-news-v2.png\",\"width\":1208,\"height\":809},{\"@type\":\"BreadcrumbList\",\"@id\":\"https:\\\/\\\/costablancaradio.nl\\\/costa-blanca-regional-news-29-11-2022\\\/#breadcrumb\",\"itemListElement\":[{\"@type\":\"ListItem\",\"position\":1,\"name\":\"Home\",\"item\":\"https:\\\/\\\/costablancaradio.nl\\\/en\\\/\"},{\"@type\":\"ListItem\",\"position\":2,\"name\":\"Costa Blanca Regional news 29-11-2022\"}]},{\"@type\":\"WebSite\",\"@id\":\"https:\\\/\\\/costablancaradio.nl\\\/#website\",\"url\":\"https:\\\/\\\/costablancaradio.nl\\\/\",\"name\":\"Costa Blanca Radio\",\"description\":\"Het beste van de Nederlandse radiozender met een Spaans accent\",\"publisher\":{\"@id\":\"https:\\\/\\\/costablancaradio.nl\\\/#organization\"},\"potentialAction\":[{\"@type\":\"SearchAction\",\"target\":{\"@type\":\"EntryPoint\",\"urlTemplate\":\"https:\\\/\\\/costablancaradio.nl\\\/?s={search_term_string}\"},\"query-input\":{\"@type\":\"PropertyValueSpecification\",\"valueRequired\":true,\"valueName\":\"search_term_string\"}}],\"inLanguage\":\"en-US\"},{\"@type\":\"Organization\",\"@id\":\"https:\\\/\\\/costablancaradio.nl\\\/#organization\",\"name\":\"CostaBlancaRadio\",\"url\":\"https:\\\/\\\/costablancaradio.nl\\\/\",\"logo\":{\"@type\":\"ImageObject\",\"inLanguage\":\"en-US\",\"@id\":\"https:\\\/\\\/costablancaradio.nl\\\/#\\\/schema\\\/logo\\\/image\\\/\",\"url\":\"https:\\\/\\\/costablancaradio.nl\\\/wp-content\\\/uploads\\\/2017\\\/02\\\/CBRadio_Logo2017_200x145.png\",\"contentUrl\":\"https:\\\/\\\/costablancaradio.nl\\\/wp-content\\\/uploads\\\/2017\\\/02\\\/CBRadio_Logo2017_200x145.png\",\"width\":200,\"height\":145,\"caption\":\"CostaBlancaRadio\"},\"image\":{\"@id\":\"https:\\\/\\\/costablancaradio.nl\\\/#\\\/schema\\\/logo\\\/image\\\/\"},\"sameAs\":[\"https:\\\/\\\/nl-nl.facebook.com\\\/CBR.Costablancaradio\\\/\"]},{\"@type\":\"Person\",\"@id\":\"https:\\\/\\\/costablancaradio.nl\\\/#\\\/schema\\\/person\\\/9e7a5c98b80d071bb4de9087577ac7e5\",\"name\":\"Costa Blanca Radio\",\"image\":{\"@type\":\"ImageObject\",\"inLanguage\":\"en-US\",\"@id\":\"https:\\\/\\\/secure.gravatar.com\\\/avatar\\\/3637c377f2508ea10bf76f03cbb4994389c7a1c16fca613eb54494068f3a7eeb?s=96&d=mm&r=g\",\"url\":\"https:\\\/\\\/secure.gravatar.com\\\/avatar\\\/3637c377f2508ea10bf76f03cbb4994389c7a1c16fca613eb54494068f3a7eeb?s=96&d=mm&r=g\",\"contentUrl\":\"https:\\\/\\\/secure.gravatar.com\\\/avatar\\\/3637c377f2508ea10bf76f03cbb4994389c7a1c16fca613eb54494068f3a7eeb?s=96&d=mm&r=g\",\"caption\":\"Costa Blanca Radio\"},\"sameAs\":[\"https:\\\/\\\/www.facebook.com\\\/CBR.Costablancaradio\\\/\",\"https:\\\/\\\/www.instagram.com\\\/costablancaradio\\\/\",\"https:\\\/\\\/x.com\\\/costa_radio\",\"https:\\\/\\\/soundcloud.com\\\/costablancaradio\"]}]}<\/script>\n<!-- \/ Yoast SEO plugin. -->","yoast_head_json":{"title":"Costa Blanca Regional news 29-11-2022 - Costa Blanca Radio","robots":{"index":"noindex","follow":"follow"},"og_locale":"en_US","og_type":"article","og_title":"Costa Blanca Regional news 29-11-2022 - Costa Blanca Radio","og_description":"Every Monday to Friday you can hear the regional news (in Dutch) in the Morningshow, between 7 and 9. This is today&#8217;s news: Football prodigy Xavi Simons, who is currently in Qatar as part of the Dutch World Cup squad, grew up in Rojales. And the city council thought they should do something about it. [&hellip;]","og_url":"https:\/\/costablancaradio.nl\/costa-blanca-regional-news-29-11-2022\/","og_site_name":"Costa Blanca Radio","article_publisher":"https:\/\/nl-nl.facebook.com\/CBR.Costablancaradio\/","article_author":"https:\/\/www.facebook.com\/CBR.Costablancaradio\/","article_published_time":"2022-12-02T11:08:07+00:00","author":"Costa Blanca Radio","twitter_card":"summary_large_image","twitter_creator":"@costa_radio","twitter_misc":{"Written by":"Costa Blanca Radio","Est. reading time":"1 minute"},"schema":{"@context":"https:\/\/schema.org","@graph":[{"@type":"Article","@id":"https:\/\/costablancaradio.nl\/costa-blanca-regional-news-29-11-2022\/#article","isPartOf":{"@id":"https:\/\/costablancaradio.nl\/costa-blanca-regional-news-29-11-2022\/"},"author":{"name":"Costa Blanca Radio","@id":"https:\/\/costablancaradio.nl\/#\/schema\/person\/9e7a5c98b80d071bb4de9087577ac7e5"},"headline":"Costa Blanca Regional news 29-11-2022","datePublished":"2022-12-02T11:08:07+00:00","mainEntityOfPage":{"@id":"https:\/\/costablancaradio.nl\/costa-blanca-regional-news-29-11-2022\/"},"wordCount":271,"publisher":{"@id":"https:\/\/costablancaradio.nl\/#organization"},"image":{"@id":"https:\/\/costablancaradio.nl\/costa-blanca-regional-news-29-11-2022\/#primaryimage"},"thumbnailUrl":"https:\/\/costablancaradio.nl\/wp-content\/uploads\/2021\/05\/logo-cb-news-v2.png","keywords":["artificial grass surface","benidorm","Campo Municipal de F\u00fatbol Xavi Simons","climate change","costa blanca","costa blanca radio","Dutch","football field","law","mayor","mayor Benidorm","P\u00e9rez","Qatar","regional government","regional parliament","Rojales","tasa tur\u00edstica","Toni P\u00e9rez","tourist tax","Valencia","World Cup squad","Xavi Simons"],"articleSection":["News"],"inLanguage":"en-US"},{"@type":"WebPage","@id":"https:\/\/costablancaradio.nl\/costa-blanca-regional-news-29-11-2022\/","url":"https:\/\/costablancaradio.nl\/costa-blanca-regional-news-29-11-2022\/","name":"Costa Blanca Regional news 29-11-2022 - Costa Blanca Radio","isPartOf":{"@id":"https:\/\/costablancaradio.nl\/#website"},"primaryImageOfPage":{"@id":"https:\/\/costablancaradio.nl\/costa-blanca-regional-news-29-11-2022\/#primaryimage"},"image":{"@id":"https:\/\/costablancaradio.nl\/costa-blanca-regional-news-29-11-2022\/#primaryimage"},"thumbnailUrl":"https:\/\/costablancaradio.nl\/wp-content\/uploads\/2021\/05\/logo-cb-news-v2.png","datePublished":"2022-12-02T11:08:07+00:00","breadcrumb":{"@id":"https:\/\/costablancaradio.nl\/costa-blanca-regional-news-29-11-2022\/#breadcrumb"},"inLanguage":"en-US","potentialAction":[{"@type":"ReadAction","target":["https:\/\/costablancaradio.nl\/costa-blanca-regional-news-29-11-2022\/"]}]},{"@type":"ImageObject","inLanguage":"en-US","@id":"https:\/\/costablancaradio.nl\/costa-blanca-regional-news-29-11-2022\/#primaryimage","url":"https:\/\/costablancaradio.nl\/wp-content\/uploads\/2021\/05\/logo-cb-news-v2.png","contentUrl":"https:\/\/costablancaradio.nl\/wp-content\/uploads\/2021\/05\/logo-cb-news-v2.png","width":1208,"height":809},{"@type":"BreadcrumbList","@id":"https:\/\/costablancaradio.nl\/costa-blanca-regional-news-29-11-2022\/#breadcrumb","itemListElement":[{"@type":"ListItem","position":1,"name":"Home","item":"https:\/\/costablancaradio.nl\/en\/"},{"@type":"ListItem","position":2,"name":"Costa Blanca Regional news 29-11-2022"}]},{"@type":"WebSite","@id":"https:\/\/costablancaradio.nl\/#website","url":"https:\/\/costablancaradio.nl\/","name":"Costa Blanca Radio","description":"Het beste van de Nederlandse radiozender met een Spaans accent","publisher":{"@id":"https:\/\/costablancaradio.nl\/#organization"},"potentialAction":[{"@type":"SearchAction","target":{"@type":"EntryPoint","urlTemplate":"https:\/\/costablancaradio.nl\/?s={search_term_string}"},"query-input":{"@type":"PropertyValueSpecification","valueRequired":true,"valueName":"search_term_string"}}],"inLanguage":"en-US"},{"@type":"Organization","@id":"https:\/\/costablancaradio.nl\/#organization","name":"CostaBlancaRadio","url":"https:\/\/costablancaradio.nl\/","logo":{"@type":"ImageObject","inLanguage":"en-US","@id":"https:\/\/costablancaradio.nl\/#\/schema\/logo\/image\/","url":"https:\/\/costablancaradio.nl\/wp-content\/uploads\/2017\/02\/CBRadio_Logo2017_200x145.png","contentUrl":"https:\/\/costablancaradio.nl\/wp-content\/uploads\/2017\/02\/CBRadio_Logo2017_200x145.png","width":200,"height":145,"caption":"CostaBlancaRadio"},"image":{"@id":"https:\/\/costablancaradio.nl\/#\/schema\/logo\/image\/"},"sameAs":["https:\/\/nl-nl.facebook.com\/CBR.Costablancaradio\/"]},{"@type":"Person","@id":"https:\/\/costablancaradio.nl\/#\/schema\/person\/9e7a5c98b80d071bb4de9087577ac7e5","name":"Costa Blanca Radio","image":{"@type":"ImageObject","inLanguage":"en-US","@id":"https:\/\/secure.gravatar.com\/avatar\/3637c377f2508ea10bf76f03cbb4994389c7a1c16fca613eb54494068f3a7eeb?s=96&d=mm&r=g","url":"https:\/\/secure.gravatar.com\/avatar\/3637c377f2508ea10bf76f03cbb4994389c7a1c16fca613eb54494068f3a7eeb?s=96&d=mm&r=g","contentUrl":"https:\/\/secure.gravatar.com\/avatar\/3637c377f2508ea10bf76f03cbb4994389c7a1c16fca613eb54494068f3a7eeb?s=96&d=mm&r=g","caption":"Costa Blanca Radio"},"sameAs":["https:\/\/www.facebook.com\/CBR.Costablancaradio\/","https:\/\/www.instagram.com\/costablancaradio\/","https:\/\/x.com\/costa_radio","https:\/\/soundcloud.com\/costablancaradio"]}]}},"_links":{"self":[{"href":"https:\/\/costablancaradio.nl\/en\/wp-json\/wp\/v2\/posts\/2585","targetHints":{"allow":["GET"]}}],"collection":[{"href":"https:\/\/costablancaradio.nl\/en\/wp-json\/wp\/v2\/posts"}],"about":[{"href":"https:\/\/costablancaradio.nl\/en\/wp-json\/wp\/v2\/types\/post"}],"author":[{"embeddable":true,"href":"https:\/\/costablancaradio.nl\/en\/wp-json\/wp\/v2\/users\/3"}],"replies":[{"embeddable":true,"href":"https:\/\/costablancaradio.nl\/en\/wp-json\/wp\/v2\/comments?post=2585"}],"version-history":[{"count":0,"href":"https:\/\/costablancaradio.nl\/en\/wp-json\/wp\/v2\/posts\/2585\/revisions"}],"wp:featuredmedia":[{"embeddable":true,"href":"https:\/\/costablancaradio.nl\/en\/wp-json\/wp\/v2\/media\/2461"}],"wp:attachment":[{"href":"https:\/\/costablancaradio.nl\/en\/wp-json\/wp\/v2\/media?parent=2585"}],"wp:term":[{"taxonomy":"category","embeddable":true,"href":"https:\/\/costablancaradio.nl\/en\/wp-json\/wp\/v2\/categories?post=2585"},{"taxonomy":"post_tag","embeddable":true,"href":"https:\/\/costablancaradio.nl\/en\/wp-json\/wp\/v2\/tags?post=2585"}],"curies":[{"name":"wp","href":"https:\/\/api.w.org\/{rel}","templated":true}]}}